{"id":9648,"date":"2023-09-01T09:40:17","date_gmt":"2023-09-01T09:40:17","guid":{"rendered":"https:\/\/www.destrancheesauxbarricades.com\/?p=9648"},"modified":"2023-09-01T09:40:19","modified_gmt":"2023-09-01T09:40:19","slug":"sortie-de-freikorps-voran","status":"publish","type":"post","link":"http:\/\/www.destrancheesauxbarricades.com\/index.php\/2023\/09\/01\/sortie-de-freikorps-voran\/","title":{"rendered":"Sortie de Freikorps Voran"},"content":{"rendered":"\n<p>Nous sommes ravis de vous annoncer la sortie du premier suppl\u00e9ment officiel de <em>Des tranch\u00e9es aux barricades<\/em> !<\/p>\n\n\n\n<p><em>Freikorps Voran<\/em> propose aux joueurs de revivre la p\u00e9riode r\u00e9volutionnaire en Allemagne, de l\u2019abdication du Kaiser Guillaume II le 9 novembre 1918, au putsch de la Brasserie men\u00e9 par Adolf Hitler \u00e0 M\u00fcnich 5 ans plus tard.<\/p>\n\n\n\n<p>Le suppl\u00e9ment est d\u00e8s maintenant disponible dans la <a href=\"https:\/\/www.destrancheesauxbarricades.com\/\">boutique en ligne<\/a>, de m\u00eame que le nouveau set de d\u00e9s aux couleurs du drapeau imp\u00e9rial allemand et les figurines de Rosa Luxemburg et Paul von Lettow-Vorbeck.<\/p>\n\n\n\n<p>Nous profitons de ce message pour vous communiquer la liste de nos trois prochains d\u00e9placements :<\/p>\n\n\n\n<p><\/p>\n\n\n\n<ul class=\"wp-block-list\">\n<li>Samedi 23 et dimanche 24 septembre : <a href=\"http:\/\/www.laforgeludique.fr\/hammer-time-le-temps-fort-forge-ludique\/?fbclid=IwAR21RXbd3GBU84pfr1fjUELbhqZQ1NFjTLTEAqqflk78GtErLO4ACKp_YLI\">Hammer Time 5<\/a>, Maison des Enfants, 796 Av. de Dunkerque, 59160 Lille.<\/li>\n\n\n\n<li>Samedi 7 et dimanche 8 octobre : Blind\u00e9s, Histoire et Strat\u00e9gie, <a href=\"https:\/\/www.museedesblindes.fr\/\">Mus\u00e9e des Blind\u00e9s<\/a>, 1043 route de Fontevraud, 49400 Saumur.<\/li>\n\n\n\n<li>Samedi 28 et 29 octobre : <a href=\"https:\/\/niploupsdutemeraire54.blogspot.com\/\">NIP, la convention des Loups du T\u00e9m\u00e9raire<\/a>, Espace Jean Jaur\u00e8s, Place des Arts, 54510 Tomblaine.<\/li>\n<\/ul>\n\n\n\n<p>Au plaisir de vous rencontrer prochainement,<\/p>\n\n\n\n<p>Romuald &amp; Jean-Baptiste<\/p>\n\n\n\n<figure class=\"wp-block-image size-large\"><img fetchpriority=\"high\" decoding=\"async\" width=\"1024\" height=\"1024\" src=\"http:\/\/www.destrancheesauxbarricades.com\/wp-content\/uploads\/2023\/08\/voran-1024x1024.jpg\" alt=\"\" class=\"wp-image-9629\" srcset=\"http:\/\/www.destrancheesauxbarricades.com\/wp-content\/uploads\/2023\/08\/voran-1024x1024.jpg 1024w, http:\/\/www.destrancheesauxbarricades.com\/wp-content\/uploads\/2023\/08\/voran-328x328.jpg 328w, http:\/\/www.destrancheesauxbarricades.com\/wp-content\/uploads\/2023\/08\/voran-100x100.jpg 100w, http:\/\/www.destrancheesauxbarricades.com\/wp-content\/uploads\/2023\/08\/voran-600x600.jpg 600w, http:\/\/www.destrancheesauxbarricades.com\/wp-content\/uploads\/2023\/08\/voran-64x64.jpg 64w, http:\/\/www.destrancheesauxbarricades.com\/wp-content\/uploads\/2023\/08\/voran-300x300.jpg 300w, http:\/\/www.destrancheesauxbarricades.com\/wp-content\/uploads\/2023\/08\/voran-150x150.jpg 150w, http:\/\/www.destrancheesauxbarricades.com\/wp-content\/uploads\/2023\/08\/voran-768x768.jpg 768w, http:\/\/www.destrancheesauxbarricades.com\/wp-content\/uploads\/2023\/08\/voran-1536x1536.jpg 1536w, http:\/\/www.destrancheesauxbarricades.com\/wp-content\/uploads\/2023\/08\/voran-145x145.jpg 145w, http:\/\/www.destrancheesauxbarricades.com\/wp-content\/uploads\/2023\/08\/voran-50x50.jpg 50w, http:\/\/www.destrancheesauxbarricades.com\/wp-content\/uploads\/2023\/08\/voran.jpg 1677w\" sizes=\"(max-width: 1024px) 100vw, 1024px\" \/><\/figure>\n","protected":false},"excerpt":{"rendered":"<p>Nous sommes ravis de vous annoncer la sortie du premier suppl\u00e9ment officiel de Des tranch\u00e9es aux barricades ! Freikorps Voran propose aux joueurs de revivre la p\u00e9riode r\u00e9volutionnaire en Allemagne, de l\u2019abdication du Kaiser Guillaume II le 9 novembre 1918, au putsch de la Brasserie men\u00e9 par Adolf Hitler \u00e0 M\u00fcnich 5 ans plus tard. Le suppl\u00e9ment est d\u00e8s maintenant disponible dans la boutique en ligne, de m\u00eame que le nouveau set de d\u00e9s aux couleurs du drapeau imp\u00e9rial allemand et les figurines de Rosa Luxemburg et Paul von Lettow-Vorbeck. Nous profitons de ce message pour vous communiquer la liste de nos trois prochains d\u00e9placements : Au plaisir de vous rencontrer prochainement, Romuald &amp; Jean-Baptiste<\/p>\n","protected":false},"author":2,"featured_media":9557,"comment_status":"open","ping_status":"open","sticky":false,"template":"","format":"standard","meta":{"_monsterinsights_skip_tracking":false,"_monsterinsights_sitenote_active":false,"_monsterinsights_sitenote_note":"","_monsterinsights_sitenote_category":0,"_jetpack_memberships_contains_paid_content":false,"footnotes":""},"categories":[1],"tags":[],"class_list":["post-9648","post","type-post","status-publish","format-standard","has-post-thumbnail","hentry","category-uncategorized"],"yoast_head":"<!-- This site is optimized with the Yoast SEO plugin v27.5 - https:\/\/yoast.com\/product\/yoast-seo-wordpress\/ -->\n<title>Sortie de Freikorps Voran - Des tranch\u00e9es aux barricades<\/title>\n<meta name=\"robots\" content=\"index, follow, max-snippet:-1, max-image-preview:large, max-video-preview:-1\" \/>\n<link rel=\"canonical\" href=\"http:\/\/www.destrancheesauxbarricades.com\/index.php\/2023\/09\/01\/sortie-de-freikorps-voran\/\" \/>\n<meta property=\"og:locale\" content=\"fr_FR\" \/>\n<meta property=\"og:type\" content=\"article\" \/>\n<meta property=\"og:title\" content=\"Sortie de Freikorps Voran - Des tranch\u00e9es aux barricades\" \/>\n<meta property=\"og:description\" content=\"Nous sommes ravis de vous annoncer la sortie du premier suppl\u00e9ment officiel de Des tranch\u00e9es aux barricades ! Freikorps Voran propose aux joueurs de revivre la p\u00e9riode r\u00e9volutionnaire en Allemagne, de l\u2019abdication du Kaiser Guillaume II le 9 novembre 1918, au putsch de la Brasserie men\u00e9 par Adolf Hitler \u00e0 M\u00fcnich 5 ans plus tard. Le suppl\u00e9ment est d\u00e8s maintenant disponible dans la boutique en ligne, de m\u00eame que le nouveau set de d\u00e9s aux couleurs du drapeau imp\u00e9rial allemand et les figurines de Rosa Luxemburg et Paul von Lettow-Vorbeck. Nous profitons de ce message pour vous communiquer la liste de nos trois prochains d\u00e9placements : Au plaisir de vous rencontrer prochainement, Romuald &amp; Jean-Baptiste\" \/>\n<meta property=\"og:url\" content=\"http:\/\/www.destrancheesauxbarricades.com\/index.php\/2023\/09\/01\/sortie-de-freikorps-voran\/\" \/>\n<meta property=\"og:site_name\" content=\"Des tranch\u00e9es aux barricades\" \/>\n<meta property=\"article:published_time\" content=\"2023-09-01T09:40:17+00:00\" \/>\n<meta property=\"article:modified_time\" content=\"2023-09-01T09:40:19+00:00\" \/>\n<meta property=\"og:image\" content=\"http:\/\/www.destrancheesauxbarricades.com\/wp-content\/uploads\/2023\/07\/UNE_VORAN-1.jpg\" \/>\n\t<meta property=\"og:image:width\" content=\"2479\" \/>\n\t<meta property=\"og:image:height\" content=\"1713\" \/>\n\t<meta property=\"og:image:type\" content=\"image\/jpeg\" \/>\n<meta name=\"author\" content=\"Admin\" \/>\n<meta name=\"twitter:card\" content=\"summary_large_image\" \/>\n<meta name=\"twitter:label1\" content=\"\u00c9crit par\" \/>\n\t<meta name=\"twitter:data1\" content=\"Admin\" \/>\n\t<meta name=\"twitter:label2\" content=\"Dur\u00e9e de lecture estim\u00e9e\" \/>\n\t<meta name=\"twitter:data2\" content=\"2 minutes\" \/>\n<script type=\"application\/ld+json\" class=\"yoast-schema-graph\">{\"@context\":\"https:\\\/\\\/schema.org\",\"@graph\":[{\"@type\":\"Article\",\"@id\":\"http:\\\/\\\/www.destrancheesauxbarricades.com\\\/index.php\\\/2023\\\/09\\\/01\\\/sortie-de-freikorps-voran\\\/#article\",\"isPartOf\":{\"@id\":\"http:\\\/\\\/www.destrancheesauxbarricades.com\\\/index.php\\\/2023\\\/09\\\/01\\\/sortie-de-freikorps-voran\\\/\"},\"author\":{\"name\":\"Admin\",\"@id\":\"http:\\\/\\\/www.destrancheesauxbarricades.com\\\/#\\\/schema\\\/person\\\/4a1b64b440535ac9f7e26610e857e803\"},\"headline\":\"Sortie de Freikorps Voran\",\"datePublished\":\"2023-09-01T09:40:17+00:00\",\"dateModified\":\"2023-09-01T09:40:19+00:00\",\"mainEntityOfPage\":{\"@id\":\"http:\\\/\\\/www.destrancheesauxbarricades.com\\\/index.php\\\/2023\\\/09\\\/01\\\/sortie-de-freikorps-voran\\\/\"},\"wordCount\":177,\"commentCount\":0,\"image\":{\"@id\":\"http:\\\/\\\/www.destrancheesauxbarricades.com\\\/index.php\\\/2023\\\/09\\\/01\\\/sortie-de-freikorps-voran\\\/#primaryimage\"},\"thumbnailUrl\":\"http:\\\/\\\/www.destrancheesauxbarricades.com\\\/wp-content\\\/uploads\\\/2023\\\/07\\\/UNE_VORAN-1.jpg\",\"articleSection\":[\"Uncategorized\"],\"inLanguage\":\"fr-FR\",\"potentialAction\":[{\"@type\":\"CommentAction\",\"name\":\"Comment\",\"target\":[\"http:\\\/\\\/www.destrancheesauxbarricades.com\\\/index.php\\\/2023\\\/09\\\/01\\\/sortie-de-freikorps-voran\\\/#respond\"]}]},{\"@type\":\"WebPage\",\"@id\":\"http:\\\/\\\/www.destrancheesauxbarricades.com\\\/index.php\\\/2023\\\/09\\\/01\\\/sortie-de-freikorps-voran\\\/\",\"url\":\"http:\\\/\\\/www.destrancheesauxbarricades.com\\\/index.php\\\/2023\\\/09\\\/01\\\/sortie-de-freikorps-voran\\\/\",\"name\":\"Sortie de Freikorps Voran - Des tranch\u00e9es aux barricades\",\"isPartOf\":{\"@id\":\"http:\\\/\\\/www.destrancheesauxbarricades.com\\\/#website\"},\"primaryImageOfPage\":{\"@id\":\"http:\\\/\\\/www.destrancheesauxbarricades.com\\\/index.php\\\/2023\\\/09\\\/01\\\/sortie-de-freikorps-voran\\\/#primaryimage\"},\"image\":{\"@id\":\"http:\\\/\\\/www.destrancheesauxbarricades.com\\\/index.php\\\/2023\\\/09\\\/01\\\/sortie-de-freikorps-voran\\\/#primaryimage\"},\"thumbnailUrl\":\"http:\\\/\\\/www.destrancheesauxbarricades.com\\\/wp-content\\\/uploads\\\/2023\\\/07\\\/UNE_VORAN-1.jpg\",\"datePublished\":\"2023-09-01T09:40:17+00:00\",\"dateModified\":\"2023-09-01T09:40:19+00:00\",\"author\":{\"@id\":\"http:\\\/\\\/www.destrancheesauxbarricades.com\\\/#\\\/schema\\\/person\\\/4a1b64b440535ac9f7e26610e857e803\"},\"breadcrumb\":{\"@id\":\"http:\\\/\\\/www.destrancheesauxbarricades.com\\\/index.php\\\/2023\\\/09\\\/01\\\/sortie-de-freikorps-voran\\\/#breadcrumb\"},\"inLanguage\":\"fr-FR\",\"potentialAction\":[{\"@type\":\"ReadAction\",\"target\":[\"http:\\\/\\\/www.destrancheesauxbarricades.com\\\/index.php\\\/2023\\\/09\\\/01\\\/sortie-de-freikorps-voran\\\/\"]}]},{\"@type\":\"ImageObject\",\"inLanguage\":\"fr-FR\",\"@id\":\"http:\\\/\\\/www.destrancheesauxbarricades.com\\\/index.php\\\/2023\\\/09\\\/01\\\/sortie-de-freikorps-voran\\\/#primaryimage\",\"url\":\"http:\\\/\\\/www.destrancheesauxbarricades.com\\\/wp-content\\\/uploads\\\/2023\\\/07\\\/UNE_VORAN-1.jpg\",\"contentUrl\":\"http:\\\/\\\/www.destrancheesauxbarricades.com\\\/wp-content\\\/uploads\\\/2023\\\/07\\\/UNE_VORAN-1.jpg\",\"width\":2479,\"height\":1713},{\"@type\":\"BreadcrumbList\",\"@id\":\"http:\\\/\\\/www.destrancheesauxbarricades.com\\\/index.php\\\/2023\\\/09\\\/01\\\/sortie-de-freikorps-voran\\\/#breadcrumb\",\"itemListElement\":[{\"@type\":\"ListItem\",\"position\":1,\"name\":\"Accueil\",\"item\":\"http:\\\/\\\/www.destrancheesauxbarricades.com\\\/\"},{\"@type\":\"ListItem\",\"position\":2,\"name\":\"Sortie de Freikorps Voran\"}]},{\"@type\":\"WebSite\",\"@id\":\"http:\\\/\\\/www.destrancheesauxbarricades.com\\\/#website\",\"url\":\"http:\\\/\\\/www.destrancheesauxbarricades.com\\\/\",\"name\":\"Des tranch\u00e9es aux barricades\",\"description\":\"Jeu d&#039;escarmouches au d\u00e9but du XXe si\u00e8cle\",\"potentialAction\":[{\"@type\":\"SearchAction\",\"target\":{\"@type\":\"EntryPoint\",\"urlTemplate\":\"http:\\\/\\\/www.destrancheesauxbarricades.com\\\/?s={search_term_string}\"},\"query-input\":{\"@type\":\"PropertyValueSpecification\",\"valueRequired\":true,\"valueName\":\"search_term_string\"}}],\"inLanguage\":\"fr-FR\"},{\"@type\":\"Person\",\"@id\":\"http:\\\/\\\/www.destrancheesauxbarricades.com\\\/#\\\/schema\\\/person\\\/4a1b64b440535ac9f7e26610e857e803\",\"name\":\"Admin\",\"image\":{\"@type\":\"ImageObject\",\"inLanguage\":\"fr-FR\",\"@id\":\"https:\\\/\\\/secure.gravatar.com\\\/avatar\\\/20bf940bc710ca3969d3629ee01620a3c9f7e4defe66141891fd2e80ef3ec739?s=96&d=mm&r=g\",\"url\":\"https:\\\/\\\/secure.gravatar.com\\\/avatar\\\/20bf940bc710ca3969d3629ee01620a3c9f7e4defe66141891fd2e80ef3ec739?s=96&d=mm&r=g\",\"contentUrl\":\"https:\\\/\\\/secure.gravatar.com\\\/avatar\\\/20bf940bc710ca3969d3629ee01620a3c9f7e4defe66141891fd2e80ef3ec739?s=96&d=mm&r=g\",\"caption\":\"Admin\"},\"url\":\"http:\\\/\\\/www.destrancheesauxbarricades.com\\\/index.php\\\/author\\\/romuald\\\/\"}]}<\/script>\n<!-- \/ Yoast SEO plugin. -->","yoast_head_json":{"title":"Sortie de Freikorps Voran - Des tranch\u00e9es aux barricades","robots":{"index":"index","follow":"follow","max-snippet":"max-snippet:-1","max-image-preview":"max-image-preview:large","max-video-preview":"max-video-preview:-1"},"canonical":"http:\/\/www.destrancheesauxbarricades.com\/index.php\/2023\/09\/01\/sortie-de-freikorps-voran\/","og_locale":"fr_FR","og_type":"article","og_title":"Sortie de Freikorps Voran - Des tranch\u00e9es aux barricades","og_description":"Nous sommes ravis de vous annoncer la sortie du premier suppl\u00e9ment officiel de Des tranch\u00e9es aux barricades ! Freikorps Voran propose aux joueurs de revivre la p\u00e9riode r\u00e9volutionnaire en Allemagne, de l\u2019abdication du Kaiser Guillaume II le 9 novembre 1918, au putsch de la Brasserie men\u00e9 par Adolf Hitler \u00e0 M\u00fcnich 5 ans plus tard. Le suppl\u00e9ment est d\u00e8s maintenant disponible dans la boutique en ligne, de m\u00eame que le nouveau set de d\u00e9s aux couleurs du drapeau imp\u00e9rial allemand et les figurines de Rosa Luxemburg et Paul von Lettow-Vorbeck. Nous profitons de ce message pour vous communiquer la liste de nos trois prochains d\u00e9placements : Au plaisir de vous rencontrer prochainement, Romuald &amp; Jean-Baptiste","og_url":"http:\/\/www.destrancheesauxbarricades.com\/index.php\/2023\/09\/01\/sortie-de-freikorps-voran\/","og_site_name":"Des tranch\u00e9es aux barricades","article_published_time":"2023-09-01T09:40:17+00:00","article_modified_time":"2023-09-01T09:40:19+00:00","og_image":[{"width":2479,"height":1713,"url":"http:\/\/www.destrancheesauxbarricades.com\/wp-content\/uploads\/2023\/07\/UNE_VORAN-1.jpg","type":"image\/jpeg"}],"author":"Admin","twitter_card":"summary_large_image","twitter_misc":{"\u00c9crit par":"Admin","Dur\u00e9e de lecture estim\u00e9e":"2 minutes"},"schema":{"@context":"https:\/\/schema.org","@graph":[{"@type":"Article","@id":"http:\/\/www.destrancheesauxbarricades.com\/index.php\/2023\/09\/01\/sortie-de-freikorps-voran\/#article","isPartOf":{"@id":"http:\/\/www.destrancheesauxbarricades.com\/index.php\/2023\/09\/01\/sortie-de-freikorps-voran\/"},"author":{"name":"Admin","@id":"http:\/\/www.destrancheesauxbarricades.com\/#\/schema\/person\/4a1b64b440535ac9f7e26610e857e803"},"headline":"Sortie de Freikorps Voran","datePublished":"2023-09-01T09:40:17+00:00","dateModified":"2023-09-01T09:40:19+00:00","mainEntityOfPage":{"@id":"http:\/\/www.destrancheesauxbarricades.com\/index.php\/2023\/09\/01\/sortie-de-freikorps-voran\/"},"wordCount":177,"commentCount":0,"image":{"@id":"http:\/\/www.destrancheesauxbarricades.com\/index.php\/2023\/09\/01\/sortie-de-freikorps-voran\/#primaryimage"},"thumbnailUrl":"http:\/\/www.destrancheesauxbarricades.com\/wp-content\/uploads\/2023\/07\/UNE_VORAN-1.jpg","articleSection":["Uncategorized"],"inLanguage":"fr-FR","potentialAction":[{"@type":"CommentAction","name":"Comment","target":["http:\/\/www.destrancheesauxbarricades.com\/index.php\/2023\/09\/01\/sortie-de-freikorps-voran\/#respond"]}]},{"@type":"WebPage","@id":"http:\/\/www.destrancheesauxbarricades.com\/index.php\/2023\/09\/01\/sortie-de-freikorps-voran\/","url":"http:\/\/www.destrancheesauxbarricades.com\/index.php\/2023\/09\/01\/sortie-de-freikorps-voran\/","name":"Sortie de Freikorps Voran - Des tranch\u00e9es aux barricades","isPartOf":{"@id":"http:\/\/www.destrancheesauxbarricades.com\/#website"},"primaryImageOfPage":{"@id":"http:\/\/www.destrancheesauxbarricades.com\/index.php\/2023\/09\/01\/sortie-de-freikorps-voran\/#primaryimage"},"image":{"@id":"http:\/\/www.destrancheesauxbarricades.com\/index.php\/2023\/09\/01\/sortie-de-freikorps-voran\/#primaryimage"},"thumbnailUrl":"http:\/\/www.destrancheesauxbarricades.com\/wp-content\/uploads\/2023\/07\/UNE_VORAN-1.jpg","datePublished":"2023-09-01T09:40:17+00:00","dateModified":"2023-09-01T09:40:19+00:00","author":{"@id":"http:\/\/www.destrancheesauxbarricades.com\/#\/schema\/person\/4a1b64b440535ac9f7e26610e857e803"},"breadcrumb":{"@id":"http:\/\/www.destrancheesauxbarricades.com\/index.php\/2023\/09\/01\/sortie-de-freikorps-voran\/#breadcrumb"},"inLanguage":"fr-FR","potentialAction":[{"@type":"ReadAction","target":["http:\/\/www.destrancheesauxbarricades.com\/index.php\/2023\/09\/01\/sortie-de-freikorps-voran\/"]}]},{"@type":"ImageObject","inLanguage":"fr-FR","@id":"http:\/\/www.destrancheesauxbarricades.com\/index.php\/2023\/09\/01\/sortie-de-freikorps-voran\/#primaryimage","url":"http:\/\/www.destrancheesauxbarricades.com\/wp-content\/uploads\/2023\/07\/UNE_VORAN-1.jpg","contentUrl":"http:\/\/www.destrancheesauxbarricades.com\/wp-content\/uploads\/2023\/07\/UNE_VORAN-1.jpg","width":2479,"height":1713},{"@type":"BreadcrumbList","@id":"http:\/\/www.destrancheesauxbarricades.com\/index.php\/2023\/09\/01\/sortie-de-freikorps-voran\/#breadcrumb","itemListElement":[{"@type":"ListItem","position":1,"name":"Accueil","item":"http:\/\/www.destrancheesauxbarricades.com\/"},{"@type":"ListItem","position":2,"name":"Sortie de Freikorps Voran"}]},{"@type":"WebSite","@id":"http:\/\/www.destrancheesauxbarricades.com\/#website","url":"http:\/\/www.destrancheesauxbarricades.com\/","name":"Des tranch\u00e9es aux barricades","description":"Jeu d&#039;escarmouches au d\u00e9but du XXe si\u00e8cle","potentialAction":[{"@type":"SearchAction","target":{"@type":"EntryPoint","urlTemplate":"http:\/\/www.destrancheesauxbarricades.com\/?s={search_term_string}"},"query-input":{"@type":"PropertyValueSpecification","valueRequired":true,"valueName":"search_term_string"}}],"inLanguage":"fr-FR"},{"@type":"Person","@id":"http:\/\/www.destrancheesauxbarricades.com\/#\/schema\/person\/4a1b64b440535ac9f7e26610e857e803","name":"Admin","image":{"@type":"ImageObject","inLanguage":"fr-FR","@id":"https:\/\/secure.gravatar.com\/avatar\/20bf940bc710ca3969d3629ee01620a3c9f7e4defe66141891fd2e80ef3ec739?s=96&d=mm&r=g","url":"https:\/\/secure.gravatar.com\/avatar\/20bf940bc710ca3969d3629ee01620a3c9f7e4defe66141891fd2e80ef3ec739?s=96&d=mm&r=g","contentUrl":"https:\/\/secure.gravatar.com\/avatar\/20bf940bc710ca3969d3629ee01620a3c9f7e4defe66141891fd2e80ef3ec739?s=96&d=mm&r=g","caption":"Admin"},"url":"http:\/\/www.destrancheesauxbarricades.com\/index.php\/author\/romuald\/"}]}},"jetpack_featured_media_url":"http:\/\/www.destrancheesauxbarricades.com\/wp-content\/uploads\/2023\/07\/UNE_VORAN-1.jpg","jetpack_sharing_enabled":true,"_links":{"self":[{"href":"http:\/\/www.destrancheesauxbarricades.com\/index.php\/wp-json\/wp\/v2\/posts\/9648","targetHints":{"allow":["GET"]}}],"collection":[{"href":"http:\/\/www.destrancheesauxbarricades.com\/index.php\/wp-json\/wp\/v2\/posts"}],"about":[{"href":"http:\/\/www.destrancheesauxbarricades.com\/index.php\/wp-json\/wp\/v2\/types\/post"}],"author":[{"embeddable":true,"href":"http:\/\/www.destrancheesauxbarricades.com\/index.php\/wp-json\/wp\/v2\/users\/2"}],"replies":[{"embeddable":true,"href":"http:\/\/www.destrancheesauxbarricades.com\/index.php\/wp-json\/wp\/v2\/comments?post=9648"}],"version-history":[{"count":1,"href":"http:\/\/www.destrancheesauxbarricades.com\/index.php\/wp-json\/wp\/v2\/posts\/9648\/revisions"}],"predecessor-version":[{"id":9649,"href":"http:\/\/www.destrancheesauxbarricades.com\/index.php\/wp-json\/wp\/v2\/posts\/9648\/revisions\/9649"}],"wp:featuredmedia":[{"embeddable":true,"href":"http:\/\/www.destrancheesauxbarricades.com\/index.php\/wp-json\/wp\/v2\/media\/9557"}],"wp:attachment":[{"href":"http:\/\/www.destrancheesauxbarricades.com\/index.php\/wp-json\/wp\/v2\/media?parent=9648"}],"wp:term":[{"taxonomy":"category","embeddable":true,"href":"http:\/\/www.destrancheesauxbarricades.com\/index.php\/wp-json\/wp\/v2\/categories?post=9648"},{"taxonomy":"post_tag","embeddable":true,"href":"http:\/\/www.destrancheesauxbarricades.com\/index.php\/wp-json\/wp\/v2\/tags?post=9648"}],"curies":[{"name":"wp","href":"https:\/\/api.w.org\/{rel}","templated":true}]}}