{"id":9301,"date":"2023-04-16T16:39:42","date_gmt":"2023-04-16T16:39:42","guid":{"rendered":"https:\/\/www.destrancheesauxbarricades.com\/?p=9301"},"modified":"2023-04-16T16:54:39","modified_gmt":"2023-04-16T16:54:39","slug":"paul-von-lettow-vorbeck-2","status":"publish","type":"post","link":"http:\/\/www.destrancheesauxbarricades.com\/index.php\/2023\/04\/16\/paul-von-lettow-vorbeck-2\/","title":{"rendered":"Paul von Lettow-Vorbeck"},"content":{"rendered":"\n<p>Alors que Paul von Lettow-Vorbek et son askari sont actuellement en cours de peinture chez <a href=\"https:\/\/www.facebook.com\/figurinesfred?__cft__[0]=AZWPpfPNQIUf8aRJ1iYmpDlGHL3xrM2eE0g1Kru7T_CBWgNiZ5lGA9RHpuQh7OwsKox1Il_j6b6qzNpANAcahjkzQj14Qf-xv87jASGp4aj-_qltlYtTMcSeuVzl_5YSVW8VeeBJwRpCTemlWZUgXblP&amp;__tn__=-]K-R\">Figurines Fred<\/a>, un petit point sur la gen\u00e8se de ces deux figs, puisque la question nous a \u00e9t\u00e9 pos\u00e9e.<\/p>\n\n\n\n<p>* Du c\u00f4t\u00e9 de Lettow-Vorbek, c&rsquo;est relativement simple, <a href=\"https:\/\/www.facebook.com\/greg.girault.3?__cft__[0]=AZWPpfPNQIUf8aRJ1iYmpDlGHL3xrM2eE0g1Kru7T_CBWgNiZ5lGA9RHpuQh7OwsKox1Il_j6b6qzNpANAcahjkzQj14Qf-xv87jASGp4aj-_qltlYtTMcSeuVzl_5YSVW8VeeBJwRpCTemlWZUgXblP&amp;__tn__=-]K-R\">Greg Girault &#8211; Sculpteur<\/a> s&rsquo;est tr\u00e8s largement inspir\u00e9 de l&rsquo;une des photos du personnage lors de la parade en son honneur \u00e0 Berlin en mars 1919.<\/p>\n\n\n\n<figure class=\"wp-block-image size-full\"><img fetchpriority=\"high\" decoding=\"async\" width=\"800\" height=\"533\" src=\"https:\/\/www.destrancheesauxbarricades.com\/wp-content\/uploads\/2023\/04\/Bundesarchiv_B_145_Bild-P008268_General_Paul_von_Lettow-Vorbeck.jpg\" alt=\"\" class=\"wp-image-9302\" srcset=\"http:\/\/www.destrancheesauxbarricades.com\/wp-content\/uploads\/2023\/04\/Bundesarchiv_B_145_Bild-P008268_General_Paul_von_Lettow-Vorbeck.jpg 800w, http:\/\/www.destrancheesauxbarricades.com\/wp-content\/uploads\/2023\/04\/Bundesarchiv_B_145_Bild-P008268_General_Paul_von_Lettow-Vorbeck-600x400.jpg 600w, http:\/\/www.destrancheesauxbarricades.com\/wp-content\/uploads\/2023\/04\/Bundesarchiv_B_145_Bild-P008268_General_Paul_von_Lettow-Vorbeck-64x43.jpg 64w, http:\/\/www.destrancheesauxbarricades.com\/wp-content\/uploads\/2023\/04\/Bundesarchiv_B_145_Bild-P008268_General_Paul_von_Lettow-Vorbeck-300x200.jpg 300w, http:\/\/www.destrancheesauxbarricades.com\/wp-content\/uploads\/2023\/04\/Bundesarchiv_B_145_Bild-P008268_General_Paul_von_Lettow-Vorbeck-768x512.jpg 768w\" sizes=\"(max-width: 800px) 100vw, 800px\" \/><\/figure>\n\n\n\n<p>* Pour l&rsquo;askari, nous avons opt\u00e9 pour un compromis qui permet d&rsquo;utiliser la figurine \u00e0 la fois en Afrique de l&rsquo;Est et en Allemagne. La premi\u00e8re des trois photos constitue l&rsquo;une des seules connues (de nous en tout cas) de l&rsquo;un des askaris rentr\u00e9 en Allemagne avec Lettow-Vorbeck, la seconde photo pr\u00e9sente Elo Wilhelm Sambo, un soldat originaire du Cameroun qui a combattu en Russie et \u00e0 Verdun, et la troisi\u00e8me montre un musicien, probablement en Afrique de l&rsquo;Est, c&rsquo;est d&rsquo;ailleurs cette pose qui a \u00e9t\u00e9 retenue.<\/p>\n\n\n\n<figure class=\"wp-block-gallery has-nested-images columns-default is-cropped wp-block-gallery-1 is-layout-flex wp-block-gallery-is-layout-flex\">\n<figure class=\"wp-block-image size-large\"><img decoding=\"async\" width=\"580\" height=\"414\" data-id=\"9306\" src=\"https:\/\/www.destrancheesauxbarricades.com\/wp-content\/uploads\/2023\/04\/hoff-5250-web.jpg\" alt=\"\" class=\"wp-image-9306\" srcset=\"http:\/\/www.destrancheesauxbarricades.com\/wp-content\/uploads\/2023\/04\/hoff-5250-web.jpg 580w, http:\/\/www.destrancheesauxbarricades.com\/wp-content\/uploads\/2023\/04\/hoff-5250-web-64x46.jpg 64w, http:\/\/www.destrancheesauxbarricades.com\/wp-content\/uploads\/2023\/04\/hoff-5250-web-300x214.jpg 300w\" sizes=\"(max-width: 580px) 100vw, 580px\" \/><figcaption class=\"wp-element-caption\"><a href=\"https:\/\/ghdi.ghi-dc.org\/sub_image.cfm?image_id=4001\">https:\/\/ghdi.ghi-dc.org\/sub_image.cfm?image_id=4001<\/a><\/figcaption><\/figure>\n\n\n\n<figure class=\"wp-block-image size-large\"><img decoding=\"async\" width=\"1024\" height=\"617\" data-id=\"9305\" src=\"https:\/\/www.destrancheesauxbarricades.com\/wp-content\/uploads\/2023\/04\/744915fa333856e3fcfa9bda6f066e94-1024x617.jpg\" alt=\"\" class=\"wp-image-9305\" srcset=\"http:\/\/www.destrancheesauxbarricades.com\/wp-content\/uploads\/2023\/04\/744915fa333856e3fcfa9bda6f066e94-1024x617.jpg 1024w, http:\/\/www.destrancheesauxbarricades.com\/wp-content\/uploads\/2023\/04\/744915fa333856e3fcfa9bda6f066e94-600x361.jpg 600w, http:\/\/www.destrancheesauxbarricades.com\/wp-content\/uploads\/2023\/04\/744915fa333856e3fcfa9bda6f066e94-64x39.jpg 64w, http:\/\/www.destrancheesauxbarricades.com\/wp-content\/uploads\/2023\/04\/744915fa333856e3fcfa9bda6f066e94-300x181.jpg 300w, http:\/\/www.destrancheesauxbarricades.com\/wp-content\/uploads\/2023\/04\/744915fa333856e3fcfa9bda6f066e94-768x462.jpg 768w, http:\/\/www.destrancheesauxbarricades.com\/wp-content\/uploads\/2023\/04\/744915fa333856e3fcfa9bda6f066e94.jpg 1400w\" sizes=\"(max-width: 1024px) 100vw, 1024px\" \/><figcaption class=\"wp-element-caption\"><a href=\"https:\/\/photoshistoriques.info\/les-africains-en-allemand-armee-imperiale-1870-1918\/?fbclid=IwAR2byefwJp5_TZBvPAgSdrxRND846DFlp4MRnO5DGVAvwa7394Y7MIW_naI\">https:\/\/photoshistoriques.info\/les-africains-en-allemand-armee-imperiale-1870-1918\/?fbclid=IwAR2byefwJp5_TZBvPAgSdrxRND846DFlp4MRnO5DGVAvwa7394Y7MIW_naI<\/a><\/figcaption><\/figure>\n\n\n\n<figure class=\"wp-block-image size-large\"><img loading=\"lazy\" decoding=\"async\" width=\"595\" height=\"800\" data-id=\"9304\" src=\"https:\/\/www.destrancheesauxbarricades.com\/wp-content\/uploads\/2023\/04\/Bundesarchiv_Bild_105-DOA3121_Deutsch-Ostafrika_Askari.jpg\" alt=\"\" class=\"wp-image-9304\" srcset=\"http:\/\/www.destrancheesauxbarricades.com\/wp-content\/uploads\/2023\/04\/Bundesarchiv_Bild_105-DOA3121_Deutsch-Ostafrika_Askari.jpg 595w, http:\/\/www.destrancheesauxbarricades.com\/wp-content\/uploads\/2023\/04\/Bundesarchiv_Bild_105-DOA3121_Deutsch-Ostafrika_Askari-64x86.jpg 64w, http:\/\/www.destrancheesauxbarricades.com\/wp-content\/uploads\/2023\/04\/Bundesarchiv_Bild_105-DOA3121_Deutsch-Ostafrika_Askari-223x300.jpg 223w\" sizes=\"(max-width: 595px) 100vw, 595px\" \/><figcaption class=\"wp-element-caption\"><a href=\"https:\/\/fr.m.wikipedia.org\/wiki\/Fichier:Bundesarchiv_Bild_105-DOA3121,_Deutsch-Ostafrika,_Askari.jpg?fbclid=IwAR0b-mJUtPKnipnAEvwVQaRejU4qZpoEOXJVbjUA39e5RvE1W-LA1HTEvxU\">https:\/\/fr.m.wikipedia.org\/wiki\/Fichier:Bundesarchiv_Bild_105-DOA3121,_Deutsch-Ostafrika,_Askari.jpg?fbclid=IwAR0b-mJUtPKnipnAEvwVQaRejU4qZpoEOXJVbjUA39e5RvE1W-LA1HTEvxU<\/a><\/figcaption><\/figure>\n<\/figure>\n","protected":false},"excerpt":{"rendered":"<p>Alors que Paul von Lettow-Vorbek et son askari sont actuellement en cours de peinture chez Figurines Fred, un petit point sur la gen\u00e8se de ces deux figs, puisque la question nous a \u00e9t\u00e9 pos\u00e9e. * Du c\u00f4t\u00e9 de Lettow-Vorbek, c&rsquo;est relativement simple, Greg Girault &#8211; Sculpteur s&rsquo;est tr\u00e8s largement inspir\u00e9 de l&rsquo;une des photos du personnage lors de la parade en son honneur \u00e0 Berlin en mars 1919. * Pour l&rsquo;askari, nous avons opt\u00e9 pour un compromis qui permet d&rsquo;utiliser la figurine \u00e0 la fois en Afrique de l&rsquo;Est et en Allemagne. La premi\u00e8re des trois photos constitue l&rsquo;une des seules connues (de nous en tout cas) de l&rsquo;un des askaris rentr\u00e9 en Allemagne avec Lettow-Vorbeck, la seconde photo pr\u00e9sente Elo Wilhelm Sambo, un soldat originaire du Cameroun qui a combattu en Russie et \u00e0 Verdun, et la troisi\u00e8me montre un musicien, probablement en Afrique de l&rsquo;Est, c&rsquo;est d&rsquo;ailleurs cette pose qui a \u00e9t\u00e9 retenue.<\/p>\n","protected":false},"author":2,"featured_media":9310,"comment_status":"open","ping_status":"open","sticky":false,"template":"","format":"standard","meta":{"_monsterinsights_skip_tracking":false,"_monsterinsights_sitenote_active":false,"_monsterinsights_sitenote_note":"","_monsterinsights_sitenote_category":0,"_jetpack_memberships_contains_paid_content":false,"footnotes":""},"categories":[1],"tags":[],"class_list":["post-9301","post","type-post","status-publish","format-standard","has-post-thumbnail","hentry","category-uncategorized"],"yoast_head":"<!-- This site is optimized with the Yoast SEO plugin v27.4 - https:\/\/yoast.com\/product\/yoast-seo-wordpress\/ -->\n<title>Paul von Lettow-Vorbeck - Des tranch\u00e9es aux barricades<\/title>\n<meta name=\"robots\" content=\"index, follow, max-snippet:-1, max-image-preview:large, max-video-preview:-1\" \/>\n<link rel=\"canonical\" href=\"https:\/\/www.destrancheesauxbarricades.com\/index.php\/2023\/04\/16\/paul-von-lettow-vorbeck-2\/\" \/>\n<meta property=\"og:locale\" content=\"fr_FR\" \/>\n<meta property=\"og:type\" content=\"article\" \/>\n<meta property=\"og:title\" content=\"Paul von Lettow-Vorbeck - Des tranch\u00e9es aux barricades\" \/>\n<meta property=\"og:description\" content=\"Alors que Paul von Lettow-Vorbek et son askari sont actuellement en cours de peinture chez Figurines Fred, un petit point sur la gen\u00e8se de ces deux figs, puisque la question nous a \u00e9t\u00e9 pos\u00e9e. * Du c\u00f4t\u00e9 de Lettow-Vorbek, c&rsquo;est relativement simple, Greg Girault &#8211; Sculpteur s&rsquo;est tr\u00e8s largement inspir\u00e9 de l&rsquo;une des photos du personnage lors de la parade en son honneur \u00e0 Berlin en mars 1919. * Pour l&rsquo;askari, nous avons opt\u00e9 pour un compromis qui permet d&rsquo;utiliser la figurine \u00e0 la fois en Afrique de l&rsquo;Est et en Allemagne. La premi\u00e8re des trois photos constitue l&rsquo;une des seules connues (de nous en tout cas) de l&rsquo;un des askaris rentr\u00e9 en Allemagne avec Lettow-Vorbeck, la seconde photo pr\u00e9sente Elo Wilhelm Sambo, un soldat originaire du Cameroun qui a combattu en Russie et \u00e0 Verdun, et la troisi\u00e8me montre un musicien, probablement en Afrique de l&rsquo;Est, c&rsquo;est d&rsquo;ailleurs cette pose qui a \u00e9t\u00e9 retenue.\" \/>\n<meta property=\"og:url\" content=\"https:\/\/www.destrancheesauxbarricades.com\/index.php\/2023\/04\/16\/paul-von-lettow-vorbeck-2\/\" \/>\n<meta property=\"og:site_name\" content=\"Des tranch\u00e9es aux barricades\" \/>\n<meta property=\"article:published_time\" content=\"2023-04-16T16:39:42+00:00\" \/>\n<meta property=\"article:modified_time\" content=\"2023-04-16T16:54:39+00:00\" \/>\n<meta property=\"og:image\" content=\"https:\/\/www.destrancheesauxbarricades.com\/wp-content\/uploads\/2023\/04\/general-von-lettow-vorbeck-beim-einzug-in-berlin-auf-dem-pariser-platz-510c01-1024.jpg\" \/>\n\t<meta property=\"og:image:width\" content=\"1024\" \/>\n\t<meta property=\"og:image:height\" content=\"816\" \/>\n\t<meta property=\"og:image:type\" content=\"image\/jpeg\" \/>\n<meta name=\"author\" content=\"Admin\" \/>\n<meta name=\"twitter:card\" content=\"summary_large_image\" \/>\n<meta name=\"twitter:label1\" content=\"\u00c9crit par\" \/>\n\t<meta name=\"twitter:data1\" content=\"Admin\" \/>\n\t<meta name=\"twitter:label2\" content=\"Dur\u00e9e de lecture estim\u00e9e\" \/>\n\t<meta name=\"twitter:data2\" content=\"2 minutes\" \/>\n<script type=\"application\/ld+json\" class=\"yoast-schema-graph\">{\"@context\":\"https:\\\/\\\/schema.org\",\"@graph\":[{\"@type\":\"Article\",\"@id\":\"https:\\\/\\\/www.destrancheesauxbarricades.com\\\/index.php\\\/2023\\\/04\\\/16\\\/paul-von-lettow-vorbeck-2\\\/#article\",\"isPartOf\":{\"@id\":\"https:\\\/\\\/www.destrancheesauxbarricades.com\\\/index.php\\\/2023\\\/04\\\/16\\\/paul-von-lettow-vorbeck-2\\\/\"},\"author\":{\"name\":\"Admin\",\"@id\":\"http:\\\/\\\/www.destrancheesauxbarricades.com\\\/#\\\/schema\\\/person\\\/4a1b64b440535ac9f7e26610e857e803\"},\"headline\":\"Paul von Lettow-Vorbeck\",\"datePublished\":\"2023-04-16T16:39:42+00:00\",\"dateModified\":\"2023-04-16T16:54:39+00:00\",\"mainEntityOfPage\":{\"@id\":\"https:\\\/\\\/www.destrancheesauxbarricades.com\\\/index.php\\\/2023\\\/04\\\/16\\\/paul-von-lettow-vorbeck-2\\\/\"},\"wordCount\":204,\"commentCount\":0,\"image\":{\"@id\":\"https:\\\/\\\/www.destrancheesauxbarricades.com\\\/index.php\\\/2023\\\/04\\\/16\\\/paul-von-lettow-vorbeck-2\\\/#primaryimage\"},\"thumbnailUrl\":\"http:\\\/\\\/www.destrancheesauxbarricades.com\\\/wp-content\\\/uploads\\\/2023\\\/04\\\/general-von-lettow-vorbeck-beim-einzug-in-berlin-auf-dem-pariser-platz-510c01-1024.jpg\",\"articleSection\":[\"Uncategorized\"],\"inLanguage\":\"fr-FR\",\"potentialAction\":[{\"@type\":\"CommentAction\",\"name\":\"Comment\",\"target\":[\"https:\\\/\\\/www.destrancheesauxbarricades.com\\\/index.php\\\/2023\\\/04\\\/16\\\/paul-von-lettow-vorbeck-2\\\/#respond\"]}]},{\"@type\":\"WebPage\",\"@id\":\"https:\\\/\\\/www.destrancheesauxbarricades.com\\\/index.php\\\/2023\\\/04\\\/16\\\/paul-von-lettow-vorbeck-2\\\/\",\"url\":\"https:\\\/\\\/www.destrancheesauxbarricades.com\\\/index.php\\\/2023\\\/04\\\/16\\\/paul-von-lettow-vorbeck-2\\\/\",\"name\":\"Paul von Lettow-Vorbeck - Des tranch\u00e9es aux barricades\",\"isPartOf\":{\"@id\":\"http:\\\/\\\/www.destrancheesauxbarricades.com\\\/#website\"},\"primaryImageOfPage\":{\"@id\":\"https:\\\/\\\/www.destrancheesauxbarricades.com\\\/index.php\\\/2023\\\/04\\\/16\\\/paul-von-lettow-vorbeck-2\\\/#primaryimage\"},\"image\":{\"@id\":\"https:\\\/\\\/www.destrancheesauxbarricades.com\\\/index.php\\\/2023\\\/04\\\/16\\\/paul-von-lettow-vorbeck-2\\\/#primaryimage\"},\"thumbnailUrl\":\"http:\\\/\\\/www.destrancheesauxbarricades.com\\\/wp-content\\\/uploads\\\/2023\\\/04\\\/general-von-lettow-vorbeck-beim-einzug-in-berlin-auf-dem-pariser-platz-510c01-1024.jpg\",\"datePublished\":\"2023-04-16T16:39:42+00:00\",\"dateModified\":\"2023-04-16T16:54:39+00:00\",\"author\":{\"@id\":\"http:\\\/\\\/www.destrancheesauxbarricades.com\\\/#\\\/schema\\\/person\\\/4a1b64b440535ac9f7e26610e857e803\"},\"breadcrumb\":{\"@id\":\"https:\\\/\\\/www.destrancheesauxbarricades.com\\\/index.php\\\/2023\\\/04\\\/16\\\/paul-von-lettow-vorbeck-2\\\/#breadcrumb\"},\"inLanguage\":\"fr-FR\",\"potentialAction\":[{\"@type\":\"ReadAction\",\"target\":[\"https:\\\/\\\/www.destrancheesauxbarricades.com\\\/index.php\\\/2023\\\/04\\\/16\\\/paul-von-lettow-vorbeck-2\\\/\"]}]},{\"@type\":\"ImageObject\",\"inLanguage\":\"fr-FR\",\"@id\":\"https:\\\/\\\/www.destrancheesauxbarricades.com\\\/index.php\\\/2023\\\/04\\\/16\\\/paul-von-lettow-vorbeck-2\\\/#primaryimage\",\"url\":\"http:\\\/\\\/www.destrancheesauxbarricades.com\\\/wp-content\\\/uploads\\\/2023\\\/04\\\/general-von-lettow-vorbeck-beim-einzug-in-berlin-auf-dem-pariser-platz-510c01-1024.jpg\",\"contentUrl\":\"http:\\\/\\\/www.destrancheesauxbarricades.com\\\/wp-content\\\/uploads\\\/2023\\\/04\\\/general-von-lettow-vorbeck-beim-einzug-in-berlin-auf-dem-pariser-platz-510c01-1024.jpg\",\"width\":1024,\"height\":816},{\"@type\":\"BreadcrumbList\",\"@id\":\"https:\\\/\\\/www.destrancheesauxbarricades.com\\\/index.php\\\/2023\\\/04\\\/16\\\/paul-von-lettow-vorbeck-2\\\/#breadcrumb\",\"itemListElement\":[{\"@type\":\"ListItem\",\"position\":1,\"name\":\"Accueil\",\"item\":\"http:\\\/\\\/www.destrancheesauxbarricades.com\\\/\"},{\"@type\":\"ListItem\",\"position\":2,\"name\":\"Paul von Lettow-Vorbeck\"}]},{\"@type\":\"WebSite\",\"@id\":\"http:\\\/\\\/www.destrancheesauxbarricades.com\\\/#website\",\"url\":\"http:\\\/\\\/www.destrancheesauxbarricades.com\\\/\",\"name\":\"Des tranch\u00e9es aux barricades\",\"description\":\"Jeu d&#039;escarmouches au d\u00e9but du XXe si\u00e8cle\",\"potentialAction\":[{\"@type\":\"SearchAction\",\"target\":{\"@type\":\"EntryPoint\",\"urlTemplate\":\"http:\\\/\\\/www.destrancheesauxbarricades.com\\\/?s={search_term_string}\"},\"query-input\":{\"@type\":\"PropertyValueSpecification\",\"valueRequired\":true,\"valueName\":\"search_term_string\"}}],\"inLanguage\":\"fr-FR\"},{\"@type\":\"Person\",\"@id\":\"http:\\\/\\\/www.destrancheesauxbarricades.com\\\/#\\\/schema\\\/person\\\/4a1b64b440535ac9f7e26610e857e803\",\"name\":\"Admin\",\"image\":{\"@type\":\"ImageObject\",\"inLanguage\":\"fr-FR\",\"@id\":\"https:\\\/\\\/secure.gravatar.com\\\/avatar\\\/20bf940bc710ca3969d3629ee01620a3c9f7e4defe66141891fd2e80ef3ec739?s=96&d=mm&r=g\",\"url\":\"https:\\\/\\\/secure.gravatar.com\\\/avatar\\\/20bf940bc710ca3969d3629ee01620a3c9f7e4defe66141891fd2e80ef3ec739?s=96&d=mm&r=g\",\"contentUrl\":\"https:\\\/\\\/secure.gravatar.com\\\/avatar\\\/20bf940bc710ca3969d3629ee01620a3c9f7e4defe66141891fd2e80ef3ec739?s=96&d=mm&r=g\",\"caption\":\"Admin\"},\"url\":\"http:\\\/\\\/www.destrancheesauxbarricades.com\\\/index.php\\\/author\\\/romuald\\\/\"}]}<\/script>\n<!-- \/ Yoast SEO plugin. -->","yoast_head_json":{"title":"Paul von Lettow-Vorbeck - Des tranch\u00e9es aux barricades","robots":{"index":"index","follow":"follow","max-snippet":"max-snippet:-1","max-image-preview":"max-image-preview:large","max-video-preview":"max-video-preview:-1"},"canonical":"https:\/\/www.destrancheesauxbarricades.com\/index.php\/2023\/04\/16\/paul-von-lettow-vorbeck-2\/","og_locale":"fr_FR","og_type":"article","og_title":"Paul von Lettow-Vorbeck - Des tranch\u00e9es aux barricades","og_description":"Alors que Paul von Lettow-Vorbek et son askari sont actuellement en cours de peinture chez Figurines Fred, un petit point sur la gen\u00e8se de ces deux figs, puisque la question nous a \u00e9t\u00e9 pos\u00e9e. * Du c\u00f4t\u00e9 de Lettow-Vorbek, c&rsquo;est relativement simple, Greg Girault &#8211; Sculpteur s&rsquo;est tr\u00e8s largement inspir\u00e9 de l&rsquo;une des photos du personnage lors de la parade en son honneur \u00e0 Berlin en mars 1919. * Pour l&rsquo;askari, nous avons opt\u00e9 pour un compromis qui permet d&rsquo;utiliser la figurine \u00e0 la fois en Afrique de l&rsquo;Est et en Allemagne. La premi\u00e8re des trois photos constitue l&rsquo;une des seules connues (de nous en tout cas) de l&rsquo;un des askaris rentr\u00e9 en Allemagne avec Lettow-Vorbeck, la seconde photo pr\u00e9sente Elo Wilhelm Sambo, un soldat originaire du Cameroun qui a combattu en Russie et \u00e0 Verdun, et la troisi\u00e8me montre un musicien, probablement en Afrique de l&rsquo;Est, c&rsquo;est d&rsquo;ailleurs cette pose qui a \u00e9t\u00e9 retenue.","og_url":"https:\/\/www.destrancheesauxbarricades.com\/index.php\/2023\/04\/16\/paul-von-lettow-vorbeck-2\/","og_site_name":"Des tranch\u00e9es aux barricades","article_published_time":"2023-04-16T16:39:42+00:00","article_modified_time":"2023-04-16T16:54:39+00:00","og_image":[{"width":1024,"height":816,"url":"https:\/\/www.destrancheesauxbarricades.com\/wp-content\/uploads\/2023\/04\/general-von-lettow-vorbeck-beim-einzug-in-berlin-auf-dem-pariser-platz-510c01-1024.jpg","type":"image\/jpeg"}],"author":"Admin","twitter_card":"summary_large_image","twitter_misc":{"\u00c9crit par":"Admin","Dur\u00e9e de lecture estim\u00e9e":"2 minutes"},"schema":{"@context":"https:\/\/schema.org","@graph":[{"@type":"Article","@id":"https:\/\/www.destrancheesauxbarricades.com\/index.php\/2023\/04\/16\/paul-von-lettow-vorbeck-2\/#article","isPartOf":{"@id":"https:\/\/www.destrancheesauxbarricades.com\/index.php\/2023\/04\/16\/paul-von-lettow-vorbeck-2\/"},"author":{"name":"Admin","@id":"http:\/\/www.destrancheesauxbarricades.com\/#\/schema\/person\/4a1b64b440535ac9f7e26610e857e803"},"headline":"Paul von Lettow-Vorbeck","datePublished":"2023-04-16T16:39:42+00:00","dateModified":"2023-04-16T16:54:39+00:00","mainEntityOfPage":{"@id":"https:\/\/www.destrancheesauxbarricades.com\/index.php\/2023\/04\/16\/paul-von-lettow-vorbeck-2\/"},"wordCount":204,"commentCount":0,"image":{"@id":"https:\/\/www.destrancheesauxbarricades.com\/index.php\/2023\/04\/16\/paul-von-lettow-vorbeck-2\/#primaryimage"},"thumbnailUrl":"http:\/\/www.destrancheesauxbarricades.com\/wp-content\/uploads\/2023\/04\/general-von-lettow-vorbeck-beim-einzug-in-berlin-auf-dem-pariser-platz-510c01-1024.jpg","articleSection":["Uncategorized"],"inLanguage":"fr-FR","potentialAction":[{"@type":"CommentAction","name":"Comment","target":["https:\/\/www.destrancheesauxbarricades.com\/index.php\/2023\/04\/16\/paul-von-lettow-vorbeck-2\/#respond"]}]},{"@type":"WebPage","@id":"https:\/\/www.destrancheesauxbarricades.com\/index.php\/2023\/04\/16\/paul-von-lettow-vorbeck-2\/","url":"https:\/\/www.destrancheesauxbarricades.com\/index.php\/2023\/04\/16\/paul-von-lettow-vorbeck-2\/","name":"Paul von Lettow-Vorbeck - Des tranch\u00e9es aux barricades","isPartOf":{"@id":"http:\/\/www.destrancheesauxbarricades.com\/#website"},"primaryImageOfPage":{"@id":"https:\/\/www.destrancheesauxbarricades.com\/index.php\/2023\/04\/16\/paul-von-lettow-vorbeck-2\/#primaryimage"},"image":{"@id":"https:\/\/www.destrancheesauxbarricades.com\/index.php\/2023\/04\/16\/paul-von-lettow-vorbeck-2\/#primaryimage"},"thumbnailUrl":"http:\/\/www.destrancheesauxbarricades.com\/wp-content\/uploads\/2023\/04\/general-von-lettow-vorbeck-beim-einzug-in-berlin-auf-dem-pariser-platz-510c01-1024.jpg","datePublished":"2023-04-16T16:39:42+00:00","dateModified":"2023-04-16T16:54:39+00:00","author":{"@id":"http:\/\/www.destrancheesauxbarricades.com\/#\/schema\/person\/4a1b64b440535ac9f7e26610e857e803"},"breadcrumb":{"@id":"https:\/\/www.destrancheesauxbarricades.com\/index.php\/2023\/04\/16\/paul-von-lettow-vorbeck-2\/#breadcrumb"},"inLanguage":"fr-FR","potentialAction":[{"@type":"ReadAction","target":["https:\/\/www.destrancheesauxbarricades.com\/index.php\/2023\/04\/16\/paul-von-lettow-vorbeck-2\/"]}]},{"@type":"ImageObject","inLanguage":"fr-FR","@id":"https:\/\/www.destrancheesauxbarricades.com\/index.php\/2023\/04\/16\/paul-von-lettow-vorbeck-2\/#primaryimage","url":"http:\/\/www.destrancheesauxbarricades.com\/wp-content\/uploads\/2023\/04\/general-von-lettow-vorbeck-beim-einzug-in-berlin-auf-dem-pariser-platz-510c01-1024.jpg","contentUrl":"http:\/\/www.destrancheesauxbarricades.com\/wp-content\/uploads\/2023\/04\/general-von-lettow-vorbeck-beim-einzug-in-berlin-auf-dem-pariser-platz-510c01-1024.jpg","width":1024,"height":816},{"@type":"BreadcrumbList","@id":"https:\/\/www.destrancheesauxbarricades.com\/index.php\/2023\/04\/16\/paul-von-lettow-vorbeck-2\/#breadcrumb","itemListElement":[{"@type":"ListItem","position":1,"name":"Accueil","item":"http:\/\/www.destrancheesauxbarricades.com\/"},{"@type":"ListItem","position":2,"name":"Paul von Lettow-Vorbeck"}]},{"@type":"WebSite","@id":"http:\/\/www.destrancheesauxbarricades.com\/#website","url":"http:\/\/www.destrancheesauxbarricades.com\/","name":"Des tranch\u00e9es aux barricades","description":"Jeu d&#039;escarmouches au d\u00e9but du XXe si\u00e8cle","potentialAction":[{"@type":"SearchAction","target":{"@type":"EntryPoint","urlTemplate":"http:\/\/www.destrancheesauxbarricades.com\/?s={search_term_string}"},"query-input":{"@type":"PropertyValueSpecification","valueRequired":true,"valueName":"search_term_string"}}],"inLanguage":"fr-FR"},{"@type":"Person","@id":"http:\/\/www.destrancheesauxbarricades.com\/#\/schema\/person\/4a1b64b440535ac9f7e26610e857e803","name":"Admin","image":{"@type":"ImageObject","inLanguage":"fr-FR","@id":"https:\/\/secure.gravatar.com\/avatar\/20bf940bc710ca3969d3629ee01620a3c9f7e4defe66141891fd2e80ef3ec739?s=96&d=mm&r=g","url":"https:\/\/secure.gravatar.com\/avatar\/20bf940bc710ca3969d3629ee01620a3c9f7e4defe66141891fd2e80ef3ec739?s=96&d=mm&r=g","contentUrl":"https:\/\/secure.gravatar.com\/avatar\/20bf940bc710ca3969d3629ee01620a3c9f7e4defe66141891fd2e80ef3ec739?s=96&d=mm&r=g","caption":"Admin"},"url":"http:\/\/www.destrancheesauxbarricades.com\/index.php\/author\/romuald\/"}]}},"jetpack_featured_media_url":"http:\/\/www.destrancheesauxbarricades.com\/wp-content\/uploads\/2023\/04\/general-von-lettow-vorbeck-beim-einzug-in-berlin-auf-dem-pariser-platz-510c01-1024.jpg","jetpack_sharing_enabled":true,"_links":{"self":[{"href":"http:\/\/www.destrancheesauxbarricades.com\/index.php\/wp-json\/wp\/v2\/posts\/9301","targetHints":{"allow":["GET"]}}],"collection":[{"href":"http:\/\/www.destrancheesauxbarricades.com\/index.php\/wp-json\/wp\/v2\/posts"}],"about":[{"href":"http:\/\/www.destrancheesauxbarricades.com\/index.php\/wp-json\/wp\/v2\/types\/post"}],"author":[{"embeddable":true,"href":"http:\/\/www.destrancheesauxbarricades.com\/index.php\/wp-json\/wp\/v2\/users\/2"}],"replies":[{"embeddable":true,"href":"http:\/\/www.destrancheesauxbarricades.com\/index.php\/wp-json\/wp\/v2\/comments?post=9301"}],"version-history":[{"count":4,"href":"http:\/\/www.destrancheesauxbarricades.com\/index.php\/wp-json\/wp\/v2\/posts\/9301\/revisions"}],"predecessor-version":[{"id":9315,"href":"http:\/\/www.destrancheesauxbarricades.com\/index.php\/wp-json\/wp\/v2\/posts\/9301\/revisions\/9315"}],"wp:featuredmedia":[{"embeddable":true,"href":"http:\/\/www.destrancheesauxbarricades.com\/index.php\/wp-json\/wp\/v2\/media\/9310"}],"wp:attachment":[{"href":"http:\/\/www.destrancheesauxbarricades.com\/index.php\/wp-json\/wp\/v2\/media?parent=9301"}],"wp:term":[{"taxonomy":"category","embeddable":true,"href":"http:\/\/www.destrancheesauxbarricades.com\/index.php\/wp-json\/wp\/v2\/categories?post=9301"},{"taxonomy":"post_tag","embeddable":true,"href":"http:\/\/www.destrancheesauxbarricades.com\/index.php\/wp-json\/wp\/v2\/tags?post=9301"}],"curies":[{"name":"wp","href":"https:\/\/api.w.org\/{rel}","templated":true}]}}