{"id":11277,"date":"2024-08-27T15:24:20","date_gmt":"2024-08-27T15:24:20","guid":{"rendered":"https:\/\/www.destrancheesauxbarricades.com\/?p=11277"},"modified":"2024-08-27T15:24:21","modified_gmt":"2024-08-27T15:24:21","slug":"merci-beaucoup","status":"publish","type":"post","link":"http:\/\/www.destrancheesauxbarricades.com\/index.php\/2024\/08\/27\/merci-beaucoup\/","title":{"rendered":"Merci beaucoup !"},"content":{"rendered":"\n<p><img decoding=\"async\" alt=\"\ud83c\uddeb\ud83c\uddf7\" src=\"https:\/\/static.xx.fbcdn.net\/images\/emoji.php\/v9\/t74\/1\/16\/1f1eb_1f1f7.png\" width=\"16\" height=\"16\"> Nous avons finalement atteint 480% et d\u00e9bloqu\u00e9 4 objectifs suppl\u00e9mentaires, un grand merci \u00e0 tous les contributeurs ! <img decoding=\"async\" alt=\"\ud83e\udd73\" src=\"https:\/\/static.xx.fbcdn.net\/images\/emoji.php\/v9\/t6d\/1\/16\/1f973.png\" width=\"16\" height=\"16\"><\/p>\n\n\n\n<p>Pour les \u00e9ventuels retardataires, nous avons activ\u00e9 l&rsquo;option<strong> <a href=\"http:\/\/kck.st\/4dnoqwS\">\u00ab\u00a0engagements tardifs\u00a0\u00bb du Kickstarter <\/a><\/strong>jusqu&rsquo;au jeudi 5 septembre \u00e0 midi.<\/p>\n\n\n\n<p>&#8212;<\/p>\n\n\n\n<p><img decoding=\"async\" alt=\"\ud83c\uddec\ud83c\udde7\" src=\"https:\/\/static.xx.fbcdn.net\/images\/emoji.php\/v9\/t96\/1\/16\/1f1ec_1f1e7.png\" width=\"16\" height=\"16\"> We&rsquo;ve finally reached 480% and unlocked 4 stretch goals, so a big thank you to everyone! <img decoding=\"async\" alt=\"\ud83e\udd73\" src=\"https:\/\/static.xx.fbcdn.net\/images\/emoji.php\/v9\/t6d\/1\/16\/1f973.png\" width=\"16\" height=\"16\"><\/p>\n\n\n\n<p>For any latecomers, we&rsquo;ve activated the <strong><a href=\"http:\/\/kck.st\/4dnoqwS\">Kickstarter&rsquo;s &lsquo;late pledges&rsquo;<\/a><\/strong> option until midday on Thursday 5 September.<\/p>\n\n\n\n<p><img loading=\"lazy\" decoding=\"async\" alt=\"\ud83d\udcf7\" src=\"https:\/\/static.xx.fbcdn.net\/images\/emoji.php\/v9\/t5d\/1\/16\/1f4f7.png\" width=\"16\" height=\"16\"> Photo de l&rsquo;AFP, ao\u00fbt 1944 \/ AFP photo, August 1944<\/p>\n","protected":false},"excerpt":{"rendered":"<p>Nous avons finalement atteint 480% et d\u00e9bloqu\u00e9 4 objectifs suppl\u00e9mentaires, un grand merci \u00e0 tous les contributeurs ! Pour les \u00e9ventuels retardataires, nous avons activ\u00e9 l&rsquo;option \u00ab\u00a0engagements tardifs\u00a0\u00bb du Kickstarter jusqu&rsquo;au jeudi 5 septembre \u00e0 midi. &#8212; We&rsquo;ve finally reached 480% and unlocked 4 stretch goals, so a big thank you to everyone! For any latecomers, we&rsquo;ve activated the Kickstarter&rsquo;s &lsquo;late pledges&rsquo; option until midday on Thursday 5 September. Photo de l&rsquo;AFP, ao\u00fbt 1944 \/ AFP photo, August 1944<\/p>\n","protected":false},"author":2,"featured_media":11278,"comment_status":"closed","ping_status":"closed","sticky":false,"template":"","format":"standard","meta":{"_monsterinsights_skip_tracking":false,"_monsterinsights_sitenote_active":false,"_monsterinsights_sitenote_note":"","_monsterinsights_sitenote_category":0,"_jetpack_memberships_contains_paid_content":false,"footnotes":""},"categories":[1],"tags":[],"class_list":["post-11277","post","type-post","status-publish","format-standard","has-post-thumbnail","hentry","category-uncategorized"],"yoast_head":"<!-- This site is optimized with the Yoast SEO plugin v27.4 - https:\/\/yoast.com\/product\/yoast-seo-wordpress\/ -->\n<title>Merci beaucoup ! - Des tranch\u00e9es aux barricades<\/title>\n<meta name=\"robots\" content=\"index, follow, max-snippet:-1, max-image-preview:large, max-video-preview:-1\" \/>\n<link rel=\"canonical\" href=\"http:\/\/www.destrancheesauxbarricades.com\/index.php\/2024\/08\/27\/merci-beaucoup\/\" \/>\n<meta property=\"og:locale\" content=\"fr_FR\" \/>\n<meta property=\"og:type\" content=\"article\" \/>\n<meta property=\"og:title\" content=\"Merci beaucoup ! - Des tranch\u00e9es aux barricades\" \/>\n<meta property=\"og:description\" content=\"Nous avons finalement atteint 480% et d\u00e9bloqu\u00e9 4 objectifs suppl\u00e9mentaires, un grand merci \u00e0 tous les contributeurs ! Pour les \u00e9ventuels retardataires, nous avons activ\u00e9 l&rsquo;option \u00ab\u00a0engagements tardifs\u00a0\u00bb du Kickstarter jusqu&rsquo;au jeudi 5 septembre \u00e0 midi. &#8212; We&rsquo;ve finally reached 480% and unlocked 4 stretch goals, so a big thank you to everyone! For any latecomers, we&rsquo;ve activated the Kickstarter&rsquo;s &lsquo;late pledges&rsquo; option until midday on Thursday 5 September. Photo de l&rsquo;AFP, ao\u00fbt 1944 \/ AFP photo, August 1944\" \/>\n<meta property=\"og:url\" content=\"http:\/\/www.destrancheesauxbarricades.com\/index.php\/2024\/08\/27\/merci-beaucoup\/\" \/>\n<meta property=\"og:site_name\" content=\"Des tranch\u00e9es aux barricades\" \/>\n<meta property=\"article:published_time\" content=\"2024-08-27T15:24:20+00:00\" \/>\n<meta property=\"article:modified_time\" content=\"2024-08-27T15:24:21+00:00\" \/>\n<meta property=\"og:image\" content=\"http:\/\/www.destrancheesauxbarricades.com\/wp-content\/uploads\/2024\/08\/1444x920_photo-prise-aout-1944-policiers-membre-ffi-forces-francaises-interieur-surveillant-quais-seine-pres-prefecture-lors-liberation-paris.webp\" \/>\n\t<meta property=\"og:image:width\" content=\"1444\" \/>\n\t<meta property=\"og:image:height\" content=\"920\" \/>\n\t<meta property=\"og:image:type\" content=\"image\/webp\" \/>\n<meta name=\"author\" content=\"Admin\" \/>\n<meta name=\"twitter:card\" content=\"summary_large_image\" \/>\n<meta name=\"twitter:label1\" content=\"\u00c9crit par\" \/>\n\t<meta name=\"twitter:data1\" content=\"Admin\" \/>\n\t<meta name=\"twitter:label2\" content=\"Dur\u00e9e de lecture estim\u00e9e\" \/>\n\t<meta name=\"twitter:data2\" content=\"2 minutes\" \/>\n<script type=\"application\/ld+json\" class=\"yoast-schema-graph\">{\"@context\":\"https:\\\/\\\/schema.org\",\"@graph\":[{\"@type\":\"Article\",\"@id\":\"http:\\\/\\\/www.destrancheesauxbarricades.com\\\/index.php\\\/2024\\\/08\\\/27\\\/merci-beaucoup\\\/#article\",\"isPartOf\":{\"@id\":\"http:\\\/\\\/www.destrancheesauxbarricades.com\\\/index.php\\\/2024\\\/08\\\/27\\\/merci-beaucoup\\\/\"},\"author\":{\"name\":\"Admin\",\"@id\":\"http:\\\/\\\/www.destrancheesauxbarricades.com\\\/#\\\/schema\\\/person\\\/4a1b64b440535ac9f7e26610e857e803\"},\"headline\":\"Merci beaucoup !\",\"datePublished\":\"2024-08-27T15:24:20+00:00\",\"dateModified\":\"2024-08-27T15:24:21+00:00\",\"mainEntityOfPage\":{\"@id\":\"http:\\\/\\\/www.destrancheesauxbarricades.com\\\/index.php\\\/2024\\\/08\\\/27\\\/merci-beaucoup\\\/\"},\"wordCount\":72,\"image\":{\"@id\":\"http:\\\/\\\/www.destrancheesauxbarricades.com\\\/index.php\\\/2024\\\/08\\\/27\\\/merci-beaucoup\\\/#primaryimage\"},\"thumbnailUrl\":\"http:\\\/\\\/www.destrancheesauxbarricades.com\\\/wp-content\\\/uploads\\\/2024\\\/08\\\/1444x920_photo-prise-aout-1944-policiers-membre-ffi-forces-francaises-interieur-surveillant-quais-seine-pres-prefecture-lors-liberation-paris.webp\",\"articleSection\":[\"Uncategorized\"],\"inLanguage\":\"fr-FR\"},{\"@type\":\"WebPage\",\"@id\":\"http:\\\/\\\/www.destrancheesauxbarricades.com\\\/index.php\\\/2024\\\/08\\\/27\\\/merci-beaucoup\\\/\",\"url\":\"http:\\\/\\\/www.destrancheesauxbarricades.com\\\/index.php\\\/2024\\\/08\\\/27\\\/merci-beaucoup\\\/\",\"name\":\"Merci beaucoup ! - Des tranch\u00e9es aux barricades\",\"isPartOf\":{\"@id\":\"http:\\\/\\\/www.destrancheesauxbarricades.com\\\/#website\"},\"primaryImageOfPage\":{\"@id\":\"http:\\\/\\\/www.destrancheesauxbarricades.com\\\/index.php\\\/2024\\\/08\\\/27\\\/merci-beaucoup\\\/#primaryimage\"},\"image\":{\"@id\":\"http:\\\/\\\/www.destrancheesauxbarricades.com\\\/index.php\\\/2024\\\/08\\\/27\\\/merci-beaucoup\\\/#primaryimage\"},\"thumbnailUrl\":\"http:\\\/\\\/www.destrancheesauxbarricades.com\\\/wp-content\\\/uploads\\\/2024\\\/08\\\/1444x920_photo-prise-aout-1944-policiers-membre-ffi-forces-francaises-interieur-surveillant-quais-seine-pres-prefecture-lors-liberation-paris.webp\",\"datePublished\":\"2024-08-27T15:24:20+00:00\",\"dateModified\":\"2024-08-27T15:24:21+00:00\",\"author\":{\"@id\":\"http:\\\/\\\/www.destrancheesauxbarricades.com\\\/#\\\/schema\\\/person\\\/4a1b64b440535ac9f7e26610e857e803\"},\"breadcrumb\":{\"@id\":\"http:\\\/\\\/www.destrancheesauxbarricades.com\\\/index.php\\\/2024\\\/08\\\/27\\\/merci-beaucoup\\\/#breadcrumb\"},\"inLanguage\":\"fr-FR\",\"potentialAction\":[{\"@type\":\"ReadAction\",\"target\":[\"http:\\\/\\\/www.destrancheesauxbarricades.com\\\/index.php\\\/2024\\\/08\\\/27\\\/merci-beaucoup\\\/\"]}]},{\"@type\":\"ImageObject\",\"inLanguage\":\"fr-FR\",\"@id\":\"http:\\\/\\\/www.destrancheesauxbarricades.com\\\/index.php\\\/2024\\\/08\\\/27\\\/merci-beaucoup\\\/#primaryimage\",\"url\":\"http:\\\/\\\/www.destrancheesauxbarricades.com\\\/wp-content\\\/uploads\\\/2024\\\/08\\\/1444x920_photo-prise-aout-1944-policiers-membre-ffi-forces-francaises-interieur-surveillant-quais-seine-pres-prefecture-lors-liberation-paris.webp\",\"contentUrl\":\"http:\\\/\\\/www.destrancheesauxbarricades.com\\\/wp-content\\\/uploads\\\/2024\\\/08\\\/1444x920_photo-prise-aout-1944-policiers-membre-ffi-forces-francaises-interieur-surveillant-quais-seine-pres-prefecture-lors-liberation-paris.webp\",\"width\":1444,\"height\":920},{\"@type\":\"BreadcrumbList\",\"@id\":\"http:\\\/\\\/www.destrancheesauxbarricades.com\\\/index.php\\\/2024\\\/08\\\/27\\\/merci-beaucoup\\\/#breadcrumb\",\"itemListElement\":[{\"@type\":\"ListItem\",\"position\":1,\"name\":\"Accueil\",\"item\":\"http:\\\/\\\/www.destrancheesauxbarricades.com\\\/\"},{\"@type\":\"ListItem\",\"position\":2,\"name\":\"Merci beaucoup !\"}]},{\"@type\":\"WebSite\",\"@id\":\"http:\\\/\\\/www.destrancheesauxbarricades.com\\\/#website\",\"url\":\"http:\\\/\\\/www.destrancheesauxbarricades.com\\\/\",\"name\":\"Des tranch\u00e9es aux barricades\",\"description\":\"Jeu d&#039;escarmouches au d\u00e9but du XXe si\u00e8cle\",\"potentialAction\":[{\"@type\":\"SearchAction\",\"target\":{\"@type\":\"EntryPoint\",\"urlTemplate\":\"http:\\\/\\\/www.destrancheesauxbarricades.com\\\/?s={search_term_string}\"},\"query-input\":{\"@type\":\"PropertyValueSpecification\",\"valueRequired\":true,\"valueName\":\"search_term_string\"}}],\"inLanguage\":\"fr-FR\"},{\"@type\":\"Person\",\"@id\":\"http:\\\/\\\/www.destrancheesauxbarricades.com\\\/#\\\/schema\\\/person\\\/4a1b64b440535ac9f7e26610e857e803\",\"name\":\"Admin\",\"image\":{\"@type\":\"ImageObject\",\"inLanguage\":\"fr-FR\",\"@id\":\"https:\\\/\\\/secure.gravatar.com\\\/avatar\\\/20bf940bc710ca3969d3629ee01620a3c9f7e4defe66141891fd2e80ef3ec739?s=96&d=mm&r=g\",\"url\":\"https:\\\/\\\/secure.gravatar.com\\\/avatar\\\/20bf940bc710ca3969d3629ee01620a3c9f7e4defe66141891fd2e80ef3ec739?s=96&d=mm&r=g\",\"contentUrl\":\"https:\\\/\\\/secure.gravatar.com\\\/avatar\\\/20bf940bc710ca3969d3629ee01620a3c9f7e4defe66141891fd2e80ef3ec739?s=96&d=mm&r=g\",\"caption\":\"Admin\"},\"url\":\"http:\\\/\\\/www.destrancheesauxbarricades.com\\\/index.php\\\/author\\\/romuald\\\/\"}]}<\/script>\n<!-- \/ Yoast SEO plugin. -->","yoast_head_json":{"title":"Merci beaucoup ! - Des tranch\u00e9es aux barricades","robots":{"index":"index","follow":"follow","max-snippet":"max-snippet:-1","max-image-preview":"max-image-preview:large","max-video-preview":"max-video-preview:-1"},"canonical":"http:\/\/www.destrancheesauxbarricades.com\/index.php\/2024\/08\/27\/merci-beaucoup\/","og_locale":"fr_FR","og_type":"article","og_title":"Merci beaucoup ! - Des tranch\u00e9es aux barricades","og_description":"Nous avons finalement atteint 480% et d\u00e9bloqu\u00e9 4 objectifs suppl\u00e9mentaires, un grand merci \u00e0 tous les contributeurs ! Pour les \u00e9ventuels retardataires, nous avons activ\u00e9 l&rsquo;option \u00ab\u00a0engagements tardifs\u00a0\u00bb du Kickstarter jusqu&rsquo;au jeudi 5 septembre \u00e0 midi. &#8212; We&rsquo;ve finally reached 480% and unlocked 4 stretch goals, so a big thank you to everyone! For any latecomers, we&rsquo;ve activated the Kickstarter&rsquo;s &lsquo;late pledges&rsquo; option until midday on Thursday 5 September. Photo de l&rsquo;AFP, ao\u00fbt 1944 \/ AFP photo, August 1944","og_url":"http:\/\/www.destrancheesauxbarricades.com\/index.php\/2024\/08\/27\/merci-beaucoup\/","og_site_name":"Des tranch\u00e9es aux barricades","article_published_time":"2024-08-27T15:24:20+00:00","article_modified_time":"2024-08-27T15:24:21+00:00","og_image":[{"width":1444,"height":920,"url":"http:\/\/www.destrancheesauxbarricades.com\/wp-content\/uploads\/2024\/08\/1444x920_photo-prise-aout-1944-policiers-membre-ffi-forces-francaises-interieur-surveillant-quais-seine-pres-prefecture-lors-liberation-paris.webp","type":"image\/webp"}],"author":"Admin","twitter_card":"summary_large_image","twitter_misc":{"\u00c9crit par":"Admin","Dur\u00e9e de lecture estim\u00e9e":"2 minutes"},"schema":{"@context":"https:\/\/schema.org","@graph":[{"@type":"Article","@id":"http:\/\/www.destrancheesauxbarricades.com\/index.php\/2024\/08\/27\/merci-beaucoup\/#article","isPartOf":{"@id":"http:\/\/www.destrancheesauxbarricades.com\/index.php\/2024\/08\/27\/merci-beaucoup\/"},"author":{"name":"Admin","@id":"http:\/\/www.destrancheesauxbarricades.com\/#\/schema\/person\/4a1b64b440535ac9f7e26610e857e803"},"headline":"Merci beaucoup !","datePublished":"2024-08-27T15:24:20+00:00","dateModified":"2024-08-27T15:24:21+00:00","mainEntityOfPage":{"@id":"http:\/\/www.destrancheesauxbarricades.com\/index.php\/2024\/08\/27\/merci-beaucoup\/"},"wordCount":72,"image":{"@id":"http:\/\/www.destrancheesauxbarricades.com\/index.php\/2024\/08\/27\/merci-beaucoup\/#primaryimage"},"thumbnailUrl":"http:\/\/www.destrancheesauxbarricades.com\/wp-content\/uploads\/2024\/08\/1444x920_photo-prise-aout-1944-policiers-membre-ffi-forces-francaises-interieur-surveillant-quais-seine-pres-prefecture-lors-liberation-paris.webp","articleSection":["Uncategorized"],"inLanguage":"fr-FR"},{"@type":"WebPage","@id":"http:\/\/www.destrancheesauxbarricades.com\/index.php\/2024\/08\/27\/merci-beaucoup\/","url":"http:\/\/www.destrancheesauxbarricades.com\/index.php\/2024\/08\/27\/merci-beaucoup\/","name":"Merci beaucoup ! - Des tranch\u00e9es aux barricades","isPartOf":{"@id":"http:\/\/www.destrancheesauxbarricades.com\/#website"},"primaryImageOfPage":{"@id":"http:\/\/www.destrancheesauxbarricades.com\/index.php\/2024\/08\/27\/merci-beaucoup\/#primaryimage"},"image":{"@id":"http:\/\/www.destrancheesauxbarricades.com\/index.php\/2024\/08\/27\/merci-beaucoup\/#primaryimage"},"thumbnailUrl":"http:\/\/www.destrancheesauxbarricades.com\/wp-content\/uploads\/2024\/08\/1444x920_photo-prise-aout-1944-policiers-membre-ffi-forces-francaises-interieur-surveillant-quais-seine-pres-prefecture-lors-liberation-paris.webp","datePublished":"2024-08-27T15:24:20+00:00","dateModified":"2024-08-27T15:24:21+00:00","author":{"@id":"http:\/\/www.destrancheesauxbarricades.com\/#\/schema\/person\/4a1b64b440535ac9f7e26610e857e803"},"breadcrumb":{"@id":"http:\/\/www.destrancheesauxbarricades.com\/index.php\/2024\/08\/27\/merci-beaucoup\/#breadcrumb"},"inLanguage":"fr-FR","potentialAction":[{"@type":"ReadAction","target":["http:\/\/www.destrancheesauxbarricades.com\/index.php\/2024\/08\/27\/merci-beaucoup\/"]}]},{"@type":"ImageObject","inLanguage":"fr-FR","@id":"http:\/\/www.destrancheesauxbarricades.com\/index.php\/2024\/08\/27\/merci-beaucoup\/#primaryimage","url":"http:\/\/www.destrancheesauxbarricades.com\/wp-content\/uploads\/2024\/08\/1444x920_photo-prise-aout-1944-policiers-membre-ffi-forces-francaises-interieur-surveillant-quais-seine-pres-prefecture-lors-liberation-paris.webp","contentUrl":"http:\/\/www.destrancheesauxbarricades.com\/wp-content\/uploads\/2024\/08\/1444x920_photo-prise-aout-1944-policiers-membre-ffi-forces-francaises-interieur-surveillant-quais-seine-pres-prefecture-lors-liberation-paris.webp","width":1444,"height":920},{"@type":"BreadcrumbList","@id":"http:\/\/www.destrancheesauxbarricades.com\/index.php\/2024\/08\/27\/merci-beaucoup\/#breadcrumb","itemListElement":[{"@type":"ListItem","position":1,"name":"Accueil","item":"http:\/\/www.destrancheesauxbarricades.com\/"},{"@type":"ListItem","position":2,"name":"Merci beaucoup !"}]},{"@type":"WebSite","@id":"http:\/\/www.destrancheesauxbarricades.com\/#website","url":"http:\/\/www.destrancheesauxbarricades.com\/","name":"Des tranch\u00e9es aux barricades","description":"Jeu d&#039;escarmouches au d\u00e9but du XXe si\u00e8cle","potentialAction":[{"@type":"SearchAction","target":{"@type":"EntryPoint","urlTemplate":"http:\/\/www.destrancheesauxbarricades.com\/?s={search_term_string}"},"query-input":{"@type":"PropertyValueSpecification","valueRequired":true,"valueName":"search_term_string"}}],"inLanguage":"fr-FR"},{"@type":"Person","@id":"http:\/\/www.destrancheesauxbarricades.com\/#\/schema\/person\/4a1b64b440535ac9f7e26610e857e803","name":"Admin","image":{"@type":"ImageObject","inLanguage":"fr-FR","@id":"https:\/\/secure.gravatar.com\/avatar\/20bf940bc710ca3969d3629ee01620a3c9f7e4defe66141891fd2e80ef3ec739?s=96&d=mm&r=g","url":"https:\/\/secure.gravatar.com\/avatar\/20bf940bc710ca3969d3629ee01620a3c9f7e4defe66141891fd2e80ef3ec739?s=96&d=mm&r=g","contentUrl":"https:\/\/secure.gravatar.com\/avatar\/20bf940bc710ca3969d3629ee01620a3c9f7e4defe66141891fd2e80ef3ec739?s=96&d=mm&r=g","caption":"Admin"},"url":"http:\/\/www.destrancheesauxbarricades.com\/index.php\/author\/romuald\/"}]}},"jetpack_featured_media_url":"http:\/\/www.destrancheesauxbarricades.com\/wp-content\/uploads\/2024\/08\/1444x920_photo-prise-aout-1944-policiers-membre-ffi-forces-francaises-interieur-surveillant-quais-seine-pres-prefecture-lors-liberation-paris.webp","jetpack_sharing_enabled":true,"_links":{"self":[{"href":"http:\/\/www.destrancheesauxbarricades.com\/index.php\/wp-json\/wp\/v2\/posts\/11277","targetHints":{"allow":["GET"]}}],"collection":[{"href":"http:\/\/www.destrancheesauxbarricades.com\/index.php\/wp-json\/wp\/v2\/posts"}],"about":[{"href":"http:\/\/www.destrancheesauxbarricades.com\/index.php\/wp-json\/wp\/v2\/types\/post"}],"author":[{"embeddable":true,"href":"http:\/\/www.destrancheesauxbarricades.com\/index.php\/wp-json\/wp\/v2\/users\/2"}],"replies":[{"embeddable":true,"href":"http:\/\/www.destrancheesauxbarricades.com\/index.php\/wp-json\/wp\/v2\/comments?post=11277"}],"version-history":[{"count":1,"href":"http:\/\/www.destrancheesauxbarricades.com\/index.php\/wp-json\/wp\/v2\/posts\/11277\/revisions"}],"predecessor-version":[{"id":11279,"href":"http:\/\/www.destrancheesauxbarricades.com\/index.php\/wp-json\/wp\/v2\/posts\/11277\/revisions\/11279"}],"wp:featuredmedia":[{"embeddable":true,"href":"http:\/\/www.destrancheesauxbarricades.com\/index.php\/wp-json\/wp\/v2\/media\/11278"}],"wp:attachment":[{"href":"http:\/\/www.destrancheesauxbarricades.com\/index.php\/wp-json\/wp\/v2\/media?parent=11277"}],"wp:term":[{"taxonomy":"category","embeddable":true,"href":"http:\/\/www.destrancheesauxbarricades.com\/index.php\/wp-json\/wp\/v2\/categories?post=11277"},{"taxonomy":"post_tag","embeddable":true,"href":"http:\/\/www.destrancheesauxbarricades.com\/index.php\/wp-json\/wp\/v2\/tags?post=11277"}],"curies":[{"name":"wp","href":"https:\/\/api.w.org\/{rel}","templated":true}]}}